{"id":2067,"date":"2023-04-09T19:53:00","date_gmt":"2023-04-09T17:53:00","guid":{"rendered":"https:\/\/www.journalducoworking.fr\/?p=2067"},"modified":"2023-04-05T09:50:23","modified_gmt":"2023-04-05T07:50:23","slug":"travail-hybride-les-cles-pour-maitriser-votre-temps-et-organisation-afin-doptimiser-votre-efficacite","status":"publish","type":"post","link":"https:\/\/www.journalducoworking.fr\/it\/travail-hybride-les-cles-pour-maitriser-votre-temps-et-organisation-afin-doptimiser-votre-efficacite\/","title":{"rendered":"Lavoro ibrido: le chiavi per controllare il tuo tempo e la tua organizzazione al fine di ottimizzare la tua efficienza"},"content":{"rendered":"<p><strong>In un contesto in cui il lavoro a distanza sta diventando sempre pi\u00f9 diffuso, \u00e8 necessario adattare e ripensare il nostro modo di lavorare.<\/strong><\/p>\n<p>il <strong>lavoro ibrido<\/strong>, che combina giornate in presenza e giornate a distanza, \u00e8 una soluzione che concilia i vantaggi del lavoro in azienda e del telelavoro. Tuttavia, la gestione del tempo e dell&#039;organizzazione in questa modalit\u00e0 operativa pu\u00f2 essere una sfida per alcuni. In questo articolo, ti daremo alcuni suggerimenti e strumenti per migliorare il tuo <strong>produttivit\u00e0<\/strong> e gestisci meglio il tuo tempo.<\/p>\n<h2>Suggerimenti per ottimizzare la gestione del tempo in modalit\u00e0 ibrida<\/h2>\n<p>Per essere efficaci quando si lavora in modalit\u00e0 ibrida, \u00e8 fondamentale pianificare e organizzare bene le proprie giornate. Ecco alcuni suggerimenti per aiutarti a sfruttare al meglio questo nuovo modo di lavorare:<\/p>\n<h3>Fai un piano preciso per la tua settimana<\/h3>\n<p>Per poter bilanciare le tue giornate tra il lavoro faccia a faccia e il telelavoro, \u00e8 importante pianificare in anticipo quali compiti svolgerai ogni giorno. Ad esempio, puoi utilizzare un diario o un software di pianificazione per annotare tutte le cose che devi fare durante la settimana.<\/p>\n<ol>\n<li>Determina quali compiti devi assolutamente svolgere faccia a faccia (riunioni, formazione, collaborazione con i tuoi colleghi, ecc.).<\/li>\n<li>Pianifica poi le attivit\u00e0 che puoi svolgere lavorando da casa, avendo cura di bilanciare il tuo carico di lavoro tra le giornate trascorse da remoto e quelle trascorse in azienda.<\/li>\n<li>Non dimenticare di dedicare del tempo agli imprevisti o alle emergenze che potrebbero sorgere durante la settimana.<\/li>\n<\/ol>\n<h3>Dai la priorit\u00e0 alle tue attivit\u00e0 in base alla loro importanza e urgenza<\/h3>\n<p>\u00c8 fondamentale saper identificare quali sono i compiti pi\u00f9 importanti e urgenti per poterli svolgere in via prioritaria. Per questo, puoi utilizzare la matrice di Eisenhower, che consiste nel classificare le tue attivit\u00e0 in base a questi due criteri:<\/p>\n<ol>\n<li>Importante e urgente: queste attivit\u00e0 devono essere completate immediatamente.<\/li>\n<li>Importanti e non urgenti: questi compiti possono essere programmati per dopo, ma non devono essere trascurati.<\/li>\n<li>Non importanti e urgenti: questi compiti possono essere delegati a un collega, se possibile, o svolti rapidamente senza dedicarvi troppo tempo.<\/li>\n<li>Non importanti e non urgenti: questi compiti dovrebbero essere evitati, poich\u00e9 sono una perdita di tempo.<\/li>\n<\/ol>\n<h3>Stabilisci delle routine<\/h3>\n<p>Per ottimizzare la tua produttivit\u00e0, imposta routine di lavoro, sia per le giornate faccia a faccia sia per chi lavora da remoto. Questo pu\u00f2 ad esempio passare attraverso:<\/p>\n<ul>\n<li>Prenditi il tempo per pianificare la tua giornata ogni mattina.<\/li>\n<li>Stabilisci orari di lavoro regolari e rispettali il pi\u00f9 possibile.<\/li>\n<li>Fai delle pause regolari per evitare l&#039;affaticamento e mantenere l&#039;energia per tutto il giorno.<\/li>\n<\/ul>\n<h2>Strumenti per gestire il tuo tempo e la tua organizzazione in modalit\u00e0 ibrida<\/h2>\n<p>Esistono diversi strumenti che possono aiutarti a gestire meglio il tuo programma e migliorare la tua produttivit\u00e0 quando lavori in modalit\u00e0 ibrida. Ecco alcuni esempi :<\/p>\n<h3>app per la gestione del tempo<\/h3>\n<p>Questo software ti consente di pianificare, organizzare e monitorare le tue attivit\u00e0 in modo efficiente. Tra i pi\u00f9 noti ci sono Trello, Todoist o Asana. Questi strumenti sono molto utili per avere una visione d&#039;insieme dei tuoi progetti, assegnare incarichi ai tuoi collaboratori e monitorare i progressi di tutti.<\/p>\n<h3>App di comunicazione<\/h3>\n<p>Per facilitare la collaborazione con i propri colleghi, anche quando si lavora in telelavoro, \u00e8 importante utilizzare strumenti di comunicazione adeguati. Skype, Zoom o Microsoft Teams sono, ad esempio, soluzioni ideali per organizzare riunioni virtuali, live chat o condivisione di documenti.<\/p>\n<h3>Tecniche di concentrazione<\/h3>\n<p>Infine, per ottimizzare i tempi di lavoro ed evitare distrazioni, puoi utilizzare metodi come la tecnica del Pomodoro. Consiste nel suddividere il tempo di lavoro in sessioni di 25 minuti, chiamate &quot;pomodori&quot;, intervallate da pause di 5 minuti. Dopo quattro pomodori, puoi fare una pausa pi\u00f9 lunga di 15-30 minuti.<\/p>\n<p>Adottando questi suggerimenti e strumenti per gestire al meglio il tuo <strong>tempo<\/strong> e la tua organizzazione in modalit\u00e0 <strong>lavoro ibrido<\/strong>, potrai ottimizzare la tua efficienza e sfruttare appieno i vantaggi offerti da questo nuovo modo di lavorare.<\/p>","protected":false},"excerpt":{"rendered":"<p>In un contesto in cui il lavoro a distanza sta diventando sempre pi\u00f9 diffuso, \u00e8 necessario adattare e ripensare il nostro modo di lavorare.<\/p>","protected":false},"author":1,"featured_media":2108,"comment_status":"closed","ping_status":"closed","sticky":false,"template":"","format":"standard","meta":{"footnotes":""},"categories":[87],"tags":[95,39,90],"class_list":["post-2067","post","type-post","status-publish","format-standard","has-post-thumbnail","hentry","category-teletravail","tag-organisation","tag-temps","tag-travail-hybride"],"yoast_head":"<!-- This site is optimized with the Yoast SEO plugin v27.5 - https:\/\/yoast.com\/product\/yoast-seo-wordpress\/ -->\n<title>Travail hybride : les cl\u00e9s pour ma\u00eetriser votre temps et organisation afin d&#039;optimiser votre efficacit\u00e9 - Le Journal du Coworking<\/title>\n<meta name=\"description\" content=\"Dans un contexte o\u00f9 le travail \u00e0 distance prend de plus en plus d&#039;ampleur, il est n\u00e9cessaire de s&#039;adapter et de repenser notre fa\u00e7on de travailler.\" \/>\n<meta name=\"robots\" content=\"index, follow, max-snippet:-1, max-image-preview:large, max-video-preview:-1\" \/>\n<link rel=\"canonical\" href=\"https:\/\/www.journalducoworking.fr\/it\/travail-hybride-les-cles-pour-maitriser-votre-temps-et-organisation-afin-doptimiser-votre-efficacite\/\" \/>\n<meta property=\"og:locale\" content=\"it_IT\" \/>\n<meta property=\"og:type\" content=\"article\" \/>\n<meta property=\"og:title\" content=\"Travail hybride : les cl\u00e9s pour ma\u00eetriser votre temps et organisation afin d&#039;optimiser votre efficacit\u00e9 - Le Journal du Coworking\" \/>\n<meta property=\"og:description\" content=\"Dans un contexte o\u00f9 le travail \u00e0 distance prend de plus en plus d&#039;ampleur, il est n\u00e9cessaire de s&#039;adapter et de repenser notre fa\u00e7on de travailler.\" \/>\n<meta property=\"og:url\" content=\"https:\/\/www.journalducoworking.fr\/it\/travail-hybride-les-cles-pour-maitriser-votre-temps-et-organisation-afin-doptimiser-votre-efficacite\/\" \/>\n<meta property=\"og:site_name\" content=\"Le Journal du Coworking\" \/>\n<meta property=\"article:published_time\" content=\"2023-04-09T17:53:00+00:00\" \/>\n<meta property=\"og:image\" content=\"https:\/\/www.journalducoworking.fr\/wp-content\/uploads\/2023\/04\/jhkwflwqqeo.jpg\" \/>\n\t<meta property=\"og:image:width\" content=\"1600\" \/>\n\t<meta property=\"og:image:height\" content=\"800\" \/>\n\t<meta property=\"og:image:type\" content=\"image\/jpeg\" \/>\n<meta name=\"author\" content=\"coworking\" \/>\n<meta name=\"twitter:card\" content=\"summary_large_image\" \/>\n<meta name=\"twitter:label1\" content=\"Scritto da\" \/>\n\t<meta name=\"twitter:data1\" content=\"coworking\" \/>\n\t<meta name=\"twitter:label2\" content=\"Tempo di lettura stimato\" \/>\n\t<meta name=\"twitter:data2\" content=\"4 minuti\" \/>\n<script type=\"application\/ld+json\" class=\"yoast-schema-graph\">{\"@context\":\"https:\\\/\\\/schema.org\",\"@graph\":[{\"@type\":\"Article\",\"@id\":\"https:\\\/\\\/www.journalducoworking.fr\\\/travail-hybride-les-cles-pour-maitriser-votre-temps-et-organisation-afin-doptimiser-votre-efficacite\\\/#article\",\"isPartOf\":{\"@id\":\"https:\\\/\\\/www.journalducoworking.fr\\\/travail-hybride-les-cles-pour-maitriser-votre-temps-et-organisation-afin-doptimiser-votre-efficacite\\\/\"},\"author\":{\"name\":\"coworking\",\"@id\":\"https:\\\/\\\/www.journalducoworking.fr\\\/#\\\/schema\\\/person\\\/b7af8441f501360d482a3dbba4a04418\"},\"headline\":\"Travail hybride : les cl\u00e9s pour ma\u00eetriser votre temps et organisation afin d&rsquo;optimiser votre efficacit\u00e9\",\"datePublished\":\"2023-04-09T17:53:00+00:00\",\"mainEntityOfPage\":{\"@id\":\"https:\\\/\\\/www.journalducoworking.fr\\\/travail-hybride-les-cles-pour-maitriser-votre-temps-et-organisation-afin-doptimiser-votre-efficacite\\\/\"},\"wordCount\":781,\"publisher\":{\"@id\":\"https:\\\/\\\/www.journalducoworking.fr\\\/#organization\"},\"image\":{\"@id\":\"https:\\\/\\\/www.journalducoworking.fr\\\/travail-hybride-les-cles-pour-maitriser-votre-temps-et-organisation-afin-doptimiser-votre-efficacite\\\/#primaryimage\"},\"thumbnailUrl\":\"https:\\\/\\\/www.journalducoworking.fr\\\/wp-content\\\/uploads\\\/2023\\\/04\\\/jhkwflwqqeo.jpg\",\"keywords\":[\"organisation\",\"temps\",\"travail hybride\"],\"articleSection\":[\"T\u00e9l\u00e9travail\"],\"inLanguage\":\"it-IT\"},{\"@type\":\"WebPage\",\"@id\":\"https:\\\/\\\/www.journalducoworking.fr\\\/travail-hybride-les-cles-pour-maitriser-votre-temps-et-organisation-afin-doptimiser-votre-efficacite\\\/\",\"url\":\"https:\\\/\\\/www.journalducoworking.fr\\\/travail-hybride-les-cles-pour-maitriser-votre-temps-et-organisation-afin-doptimiser-votre-efficacite\\\/\",\"name\":\"Travail hybride : les cl\u00e9s pour ma\u00eetriser votre temps et organisation afin d'optimiser votre efficacit\u00e9 - Le Journal du Coworking\",\"isPartOf\":{\"@id\":\"https:\\\/\\\/www.journalducoworking.fr\\\/#website\"},\"primaryImageOfPage\":{\"@id\":\"https:\\\/\\\/www.journalducoworking.fr\\\/travail-hybride-les-cles-pour-maitriser-votre-temps-et-organisation-afin-doptimiser-votre-efficacite\\\/#primaryimage\"},\"image\":{\"@id\":\"https:\\\/\\\/www.journalducoworking.fr\\\/travail-hybride-les-cles-pour-maitriser-votre-temps-et-organisation-afin-doptimiser-votre-efficacite\\\/#primaryimage\"},\"thumbnailUrl\":\"https:\\\/\\\/www.journalducoworking.fr\\\/wp-content\\\/uploads\\\/2023\\\/04\\\/jhkwflwqqeo.jpg\",\"datePublished\":\"2023-04-09T17:53:00+00:00\",\"description\":\"Dans un contexte o\u00f9 le travail \u00e0 distance prend de plus en plus d'ampleur, il est n\u00e9cessaire de s'adapter et de repenser notre fa\u00e7on de travailler.\",\"breadcrumb\":{\"@id\":\"https:\\\/\\\/www.journalducoworking.fr\\\/travail-hybride-les-cles-pour-maitriser-votre-temps-et-organisation-afin-doptimiser-votre-efficacite\\\/#breadcrumb\"},\"inLanguage\":\"it-IT\",\"potentialAction\":[{\"@type\":\"ReadAction\",\"target\":[\"https:\\\/\\\/www.journalducoworking.fr\\\/travail-hybride-les-cles-pour-maitriser-votre-temps-et-organisation-afin-doptimiser-votre-efficacite\\\/\"]}]},{\"@type\":\"ImageObject\",\"inLanguage\":\"it-IT\",\"@id\":\"https:\\\/\\\/www.journalducoworking.fr\\\/travail-hybride-les-cles-pour-maitriser-votre-temps-et-organisation-afin-doptimiser-votre-efficacite\\\/#primaryimage\",\"url\":\"https:\\\/\\\/www.journalducoworking.fr\\\/wp-content\\\/uploads\\\/2023\\\/04\\\/jhkwflwqqeo.jpg\",\"contentUrl\":\"https:\\\/\\\/www.journalducoworking.fr\\\/wp-content\\\/uploads\\\/2023\\\/04\\\/jhkwflwqqeo.jpg\",\"width\":1600,\"height\":800,\"caption\":\"Travail hybride\"},{\"@type\":\"BreadcrumbList\",\"@id\":\"https:\\\/\\\/www.journalducoworking.fr\\\/travail-hybride-les-cles-pour-maitriser-votre-temps-et-organisation-afin-doptimiser-votre-efficacite\\\/#breadcrumb\",\"itemListElement\":[{\"@type\":\"ListItem\",\"position\":1,\"name\":\"Accueil\",\"item\":\"https:\\\/\\\/www.journalducoworking.fr\\\/\"},{\"@type\":\"ListItem\",\"position\":2,\"name\":\"Travail hybride : les cl\u00e9s pour ma\u00eetriser votre temps et organisation afin d&rsquo;optimiser votre efficacit\u00e9\"}]},{\"@type\":\"WebSite\",\"@id\":\"https:\\\/\\\/www.journalducoworking.fr\\\/#website\",\"url\":\"https:\\\/\\\/www.journalducoworking.fr\\\/\",\"name\":\"Le Journal du Coworking\",\"description\":\"L&#039;actualit\u00e9 du coworking\",\"publisher\":{\"@id\":\"https:\\\/\\\/www.journalducoworking.fr\\\/#organization\"},\"potentialAction\":[{\"@type\":\"SearchAction\",\"target\":{\"@type\":\"EntryPoint\",\"urlTemplate\":\"https:\\\/\\\/www.journalducoworking.fr\\\/?s={search_term_string}\"},\"query-input\":{\"@type\":\"PropertyValueSpecification\",\"valueRequired\":true,\"valueName\":\"search_term_string\"}}],\"inLanguage\":\"it-IT\"},{\"@type\":\"Organization\",\"@id\":\"https:\\\/\\\/www.journalducoworking.fr\\\/#organization\",\"name\":\"Le Journal du Coworking\",\"url\":\"https:\\\/\\\/www.journalducoworking.fr\\\/\",\"logo\":{\"@type\":\"ImageObject\",\"inLanguage\":\"it-IT\",\"@id\":\"https:\\\/\\\/www.journalducoworking.fr\\\/#\\\/schema\\\/logo\\\/image\\\/\",\"url\":\"https:\\\/\\\/www.journalducoworking.fr\\\/wp-content\\\/uploads\\\/2022\\\/02\\\/cropped-Logo-Journal-du-Coworking.png\",\"contentUrl\":\"https:\\\/\\\/www.journalducoworking.fr\\\/wp-content\\\/uploads\\\/2022\\\/02\\\/cropped-Logo-Journal-du-Coworking.png\",\"width\":222,\"height\":204,\"caption\":\"Le Journal du Coworking\"},\"image\":{\"@id\":\"https:\\\/\\\/www.journalducoworking.fr\\\/#\\\/schema\\\/logo\\\/image\\\/\"}},{\"@type\":\"Person\",\"@id\":\"https:\\\/\\\/www.journalducoworking.fr\\\/#\\\/schema\\\/person\\\/b7af8441f501360d482a3dbba4a04418\",\"name\":\"coworking\",\"image\":{\"@type\":\"ImageObject\",\"inLanguage\":\"it-IT\",\"@id\":\"https:\\\/\\\/secure.gravatar.com\\\/avatar\\\/2caf6d41b87bd0755bbf2300c2f428234318defdbfd88bce95215fa81e2ed665?s=96&d=mm&r=g\",\"url\":\"https:\\\/\\\/secure.gravatar.com\\\/avatar\\\/2caf6d41b87bd0755bbf2300c2f428234318defdbfd88bce95215fa81e2ed665?s=96&d=mm&r=g\",\"contentUrl\":\"https:\\\/\\\/secure.gravatar.com\\\/avatar\\\/2caf6d41b87bd0755bbf2300c2f428234318defdbfd88bce95215fa81e2ed665?s=96&d=mm&r=g\",\"caption\":\"coworking\"},\"sameAs\":[\"https:\\\/\\\/www.povk8019.odns.fr\\\/cowork\"],\"url\":\"https:\\\/\\\/www.journalducoworking.fr\\\/it\\\/author\\\/coworking\\\/\"}]}<\/script>\n<!-- \/ Yoast SEO plugin. -->","yoast_head_json":{"title":"Travail hybride : les cl\u00e9s pour ma\u00eetriser votre temps et organisation afin d'optimiser votre efficacit\u00e9 - Le Journal du Coworking","description":"Dans un contexte o\u00f9 le travail \u00e0 distance prend de plus en plus d'ampleur, il est n\u00e9cessaire de s'adapter et de repenser notre fa\u00e7on de travailler.","robots":{"index":"index","follow":"follow","max-snippet":"max-snippet:-1","max-image-preview":"max-image-preview:large","max-video-preview":"max-video-preview:-1"},"canonical":"https:\/\/www.journalducoworking.fr\/it\/travail-hybride-les-cles-pour-maitriser-votre-temps-et-organisation-afin-doptimiser-votre-efficacite\/","og_locale":"it_IT","og_type":"article","og_title":"Travail hybride : les cl\u00e9s pour ma\u00eetriser votre temps et organisation afin d'optimiser votre efficacit\u00e9 - Le Journal du Coworking","og_description":"Dans un contexte o\u00f9 le travail \u00e0 distance prend de plus en plus d'ampleur, il est n\u00e9cessaire de s'adapter et de repenser notre fa\u00e7on de travailler.","og_url":"https:\/\/www.journalducoworking.fr\/it\/travail-hybride-les-cles-pour-maitriser-votre-temps-et-organisation-afin-doptimiser-votre-efficacite\/","og_site_name":"Le Journal du Coworking","article_published_time":"2023-04-09T17:53:00+00:00","og_image":[{"width":1600,"height":800,"url":"https:\/\/www.journalducoworking.fr\/wp-content\/uploads\/2023\/04\/jhkwflwqqeo.jpg","type":"image\/jpeg"}],"author":"coworking","twitter_card":"summary_large_image","twitter_misc":{"Scritto da":"coworking","Tempo di lettura stimato":"4 minuti"},"schema":{"@context":"https:\/\/schema.org","@graph":[{"@type":"Article","@id":"https:\/\/www.journalducoworking.fr\/travail-hybride-les-cles-pour-maitriser-votre-temps-et-organisation-afin-doptimiser-votre-efficacite\/#article","isPartOf":{"@id":"https:\/\/www.journalducoworking.fr\/travail-hybride-les-cles-pour-maitriser-votre-temps-et-organisation-afin-doptimiser-votre-efficacite\/"},"author":{"name":"coworking","@id":"https:\/\/www.journalducoworking.fr\/#\/schema\/person\/b7af8441f501360d482a3dbba4a04418"},"headline":"Travail hybride : les cl\u00e9s pour ma\u00eetriser votre temps et organisation afin d&rsquo;optimiser votre efficacit\u00e9","datePublished":"2023-04-09T17:53:00+00:00","mainEntityOfPage":{"@id":"https:\/\/www.journalducoworking.fr\/travail-hybride-les-cles-pour-maitriser-votre-temps-et-organisation-afin-doptimiser-votre-efficacite\/"},"wordCount":781,"publisher":{"@id":"https:\/\/www.journalducoworking.fr\/#organization"},"image":{"@id":"https:\/\/www.journalducoworking.fr\/travail-hybride-les-cles-pour-maitriser-votre-temps-et-organisation-afin-doptimiser-votre-efficacite\/#primaryimage"},"thumbnailUrl":"https:\/\/www.journalducoworking.fr\/wp-content\/uploads\/2023\/04\/jhkwflwqqeo.jpg","keywords":["organisation","temps","travail hybride"],"articleSection":["T\u00e9l\u00e9travail"],"inLanguage":"it-IT"},{"@type":"WebPage","@id":"https:\/\/www.journalducoworking.fr\/travail-hybride-les-cles-pour-maitriser-votre-temps-et-organisation-afin-doptimiser-votre-efficacite\/","url":"https:\/\/www.journalducoworking.fr\/travail-hybride-les-cles-pour-maitriser-votre-temps-et-organisation-afin-doptimiser-votre-efficacite\/","name":"Travail hybride : les cl\u00e9s pour ma\u00eetriser votre temps et organisation afin d'optimiser votre efficacit\u00e9 - Le Journal du Coworking","isPartOf":{"@id":"https:\/\/www.journalducoworking.fr\/#website"},"primaryImageOfPage":{"@id":"https:\/\/www.journalducoworking.fr\/travail-hybride-les-cles-pour-maitriser-votre-temps-et-organisation-afin-doptimiser-votre-efficacite\/#primaryimage"},"image":{"@id":"https:\/\/www.journalducoworking.fr\/travail-hybride-les-cles-pour-maitriser-votre-temps-et-organisation-afin-doptimiser-votre-efficacite\/#primaryimage"},"thumbnailUrl":"https:\/\/www.journalducoworking.fr\/wp-content\/uploads\/2023\/04\/jhkwflwqqeo.jpg","datePublished":"2023-04-09T17:53:00+00:00","description":"Dans un contexte o\u00f9 le travail \u00e0 distance prend de plus en plus d'ampleur, il est n\u00e9cessaire de s'adapter et de repenser notre fa\u00e7on de travailler.","breadcrumb":{"@id":"https:\/\/www.journalducoworking.fr\/travail-hybride-les-cles-pour-maitriser-votre-temps-et-organisation-afin-doptimiser-votre-efficacite\/#breadcrumb"},"inLanguage":"it-IT","potentialAction":[{"@type":"ReadAction","target":["https:\/\/www.journalducoworking.fr\/travail-hybride-les-cles-pour-maitriser-votre-temps-et-organisation-afin-doptimiser-votre-efficacite\/"]}]},{"@type":"ImageObject","inLanguage":"it-IT","@id":"https:\/\/www.journalducoworking.fr\/travail-hybride-les-cles-pour-maitriser-votre-temps-et-organisation-afin-doptimiser-votre-efficacite\/#primaryimage","url":"https:\/\/www.journalducoworking.fr\/wp-content\/uploads\/2023\/04\/jhkwflwqqeo.jpg","contentUrl":"https:\/\/www.journalducoworking.fr\/wp-content\/uploads\/2023\/04\/jhkwflwqqeo.jpg","width":1600,"height":800,"caption":"Travail hybride"},{"@type":"BreadcrumbList","@id":"https:\/\/www.journalducoworking.fr\/travail-hybride-les-cles-pour-maitriser-votre-temps-et-organisation-afin-doptimiser-votre-efficacite\/#breadcrumb","itemListElement":[{"@type":"ListItem","position":1,"name":"Accueil","item":"https:\/\/www.journalducoworking.fr\/"},{"@type":"ListItem","position":2,"name":"Travail hybride : les cl\u00e9s pour ma\u00eetriser votre temps et organisation afin d&rsquo;optimiser votre efficacit\u00e9"}]},{"@type":"WebSite","@id":"https:\/\/www.journalducoworking.fr\/#website","url":"https:\/\/www.journalducoworking.fr\/","name":"Le Journal du Coworking","description":"L&#039;actualit\u00e9 du coworking","publisher":{"@id":"https:\/\/www.journalducoworking.fr\/#organization"},"potentialAction":[{"@type":"SearchAction","target":{"@type":"EntryPoint","urlTemplate":"https:\/\/www.journalducoworking.fr\/?s={search_term_string}"},"query-input":{"@type":"PropertyValueSpecification","valueRequired":true,"valueName":"search_term_string"}}],"inLanguage":"it-IT"},{"@type":"Organization","@id":"https:\/\/www.journalducoworking.fr\/#organization","name":"Le Journal du Coworking","url":"https:\/\/www.journalducoworking.fr\/","logo":{"@type":"ImageObject","inLanguage":"it-IT","@id":"https:\/\/www.journalducoworking.fr\/#\/schema\/logo\/image\/","url":"https:\/\/www.journalducoworking.fr\/wp-content\/uploads\/2022\/02\/cropped-Logo-Journal-du-Coworking.png","contentUrl":"https:\/\/www.journalducoworking.fr\/wp-content\/uploads\/2022\/02\/cropped-Logo-Journal-du-Coworking.png","width":222,"height":204,"caption":"Le Journal du Coworking"},"image":{"@id":"https:\/\/www.journalducoworking.fr\/#\/schema\/logo\/image\/"}},{"@type":"Person","@id":"https:\/\/www.journalducoworking.fr\/#\/schema\/person\/b7af8441f501360d482a3dbba4a04418","name":"coworking","image":{"@type":"ImageObject","inLanguage":"it-IT","@id":"https:\/\/secure.gravatar.com\/avatar\/2caf6d41b87bd0755bbf2300c2f428234318defdbfd88bce95215fa81e2ed665?s=96&d=mm&r=g","url":"https:\/\/secure.gravatar.com\/avatar\/2caf6d41b87bd0755bbf2300c2f428234318defdbfd88bce95215fa81e2ed665?s=96&d=mm&r=g","contentUrl":"https:\/\/secure.gravatar.com\/avatar\/2caf6d41b87bd0755bbf2300c2f428234318defdbfd88bce95215fa81e2ed665?s=96&d=mm&r=g","caption":"coworking"},"sameAs":["https:\/\/www.povk8019.odns.fr\/cowork"],"url":"https:\/\/www.journalducoworking.fr\/it\/author\/coworking\/"}]}},"_links":{"self":[{"href":"https:\/\/www.journalducoworking.fr\/it\/wp-json\/wp\/v2\/posts\/2067","targetHints":{"allow":["GET"]}}],"collection":[{"href":"https:\/\/www.journalducoworking.fr\/it\/wp-json\/wp\/v2\/posts"}],"about":[{"href":"https:\/\/www.journalducoworking.fr\/it\/wp-json\/wp\/v2\/types\/post"}],"author":[{"embeddable":true,"href":"https:\/\/www.journalducoworking.fr\/it\/wp-json\/wp\/v2\/users\/1"}],"replies":[{"embeddable":true,"href":"https:\/\/www.journalducoworking.fr\/it\/wp-json\/wp\/v2\/comments?post=2067"}],"version-history":[{"count":1,"href":"https:\/\/www.journalducoworking.fr\/it\/wp-json\/wp\/v2\/posts\/2067\/revisions"}],"predecessor-version":[{"id":2109,"href":"https:\/\/www.journalducoworking.fr\/it\/wp-json\/wp\/v2\/posts\/2067\/revisions\/2109"}],"wp:featuredmedia":[{"embeddable":true,"href":"https:\/\/www.journalducoworking.fr\/it\/wp-json\/wp\/v2\/media\/2108"}],"wp:attachment":[{"href":"https:\/\/www.journalducoworking.fr\/it\/wp-json\/wp\/v2\/media?parent=2067"}],"wp:term":[{"taxonomy":"category","embeddable":true,"href":"https:\/\/www.journalducoworking.fr\/it\/wp-json\/wp\/v2\/categories?post=2067"},{"taxonomy":"post_tag","embeddable":true,"href":"https:\/\/www.journalducoworking.fr\/it\/wp-json\/wp\/v2\/tags?post=2067"}],"curies":[{"name":"wp","href":"https:\/\/api.w.org\/{rel}","templated":true}]}}